{"id":4314,"date":"2025-12-04T17:37:03","date_gmt":"2025-12-04T15:37:03","guid":{"rendered":"https:\/\/christianhelmle.ch\/?p=4314"},"modified":"2025-12-08T11:07:29","modified_gmt":"2025-12-08T09:07:29","slug":"beitag-cantonale-im-museum-franz-gertsch","status":"publish","type":"post","link":"https:\/\/christianhelmle.ch\/?p=4314","title":{"rendered":"Beitrag \u00abH\u00e4uschen\u00bb an der Cantonale im Museum Franz Gertsch"},"content":{"rendered":"<p style=\"font-weight: 400;\"><strong><img loading=\"lazy\" decoding=\"async\" class=\"aligncenter size-medium wp-image-4313\" src=\"https:\/\/christianhelmle.ch\/wp-content\/uploads\/2025\/12\/2025-haeuschen-cantonale-28-bilder-2100x836.jpg\" alt=\"\" width=\"2100\" height=\"836\" srcset=\"https:\/\/christianhelmle.ch\/wp-content\/uploads\/2025\/12\/2025-haeuschen-cantonale-28-bilder-2100x836.jpg 2100w, https:\/\/christianhelmle.ch\/wp-content\/uploads\/2025\/12\/2025-haeuschen-cantonale-28-bilder-768x306.jpg 768w, https:\/\/christianhelmle.ch\/wp-content\/uploads\/2025\/12\/2025-haeuschen-cantonale-28-bilder-1536x612.jpg 1536w, https:\/\/christianhelmle.ch\/wp-content\/uploads\/2025\/12\/2025-haeuschen-cantonale-28-bilder-2048x815.jpg 2048w, https:\/\/christianhelmle.ch\/wp-content\/uploads\/2025\/12\/2025-haeuschen-cantonale-28-bilder-800x319.jpg 800w, https:\/\/christianhelmle.ch\/wp-content\/uploads\/2025\/12\/2025-haeuschen-cantonale-28-bilder-500x199.jpg 500w\" sizes=\"auto, (max-width: 2100px) 100vw, 2100px\" \/><\/strong><\/p>\n<p style=\"font-weight: 400;\"><strong>Cantonale Berne Jura. <\/strong><strong>Ein Dach \u00fcber dem Kopf \/ Un toit sur la t\u00eate<\/strong>\u201c (06.12.2025 \u2013 01.03.2026)<\/p>\n<p style=\"font-weight: 400;\">Das Museum Franz Gertsch nimmt an der Cantonale Berne Jura, der Jahresausstellung der Kantone Bern und Jura, teil. Die Ausstellung findet im Kabinett statt. Hier treten aktuelle Arbeiten von 14 K\u00fcnstlerinnen und K\u00fcnstlern in einen Dialog miteinander und zeigen ein Spektrum von abwechslungsreichen, zeitgen\u00f6ssischen Positionen. Diverse Techniken und Materialien werden aufgegriffen: Gem\u00e4lde, Fotografien, Plastiken, Objekte und Installationen.<\/p>\n<p style=\"font-weight: 400;\"><em>Mit Werken von Sophie Burtscher, Jennifer Elser, Eloi Gigon, Irene Habegger, Gregory Tara Hari, Christian Helmle, Diego Kohli, Sapir Kesem Leary, Linda Meli, Corinne Odermatt, Bruno Sutter, Selina Ursprung, Tony Wei\u00df und Angela Zwahlen<\/em><\/p>\n<p style=\"font-weight: 400;\"><a href=\"https:\/\/www.museum-franzgertsch.ch\/de\/ausstellungen\/cbj25\">https:\/\/www.museum-franzgertsch.ch\/de\/ausstellungen\/cbj25<\/a><\/p>\n","protected":false},"excerpt":{"rendered":"<p>Cantonale Berne Jura. Ein Dach \u00fcber dem Kopf \/ Un toit sur la t\u00eate\u201c (06.12.2025 \u2013 01.03.2026) Das Museum Franz Gertsch nimmt an der Cantonale Berne Jura, der Jahresausstellung der Kantone Bern und Jura, teil. Die Ausstellung findet im Kabinett statt. Hier treten aktuelle Arbeiten von 14 K\u00fcnstlerinnen und K\u00fcnstlern in einen Dialog miteinander und zeigen ein Spektrum von abwechslungsreichen, zeitgen\u00f6ssischen Positionen. Diverse Techniken und Materialien werden aufgegriffen: Gem\u00e4lde, Fotografien, Plastiken, Objekte und Installationen. Mit Werken von Sophie Burtscher, Jennifer Elser, Eloi Gigon, Irene Habegger, Gregory Tara Hari, Christian Helmle, Diego Kohli, Sapir Kesem Leary, Linda Meli, Corinne Odermatt, Bruno [&hellip;]<\/p>\n","protected":false},"author":2,"featured_media":0,"comment_status":"closed","ping_status":"open","sticky":false,"template":"","format":"image","meta":{"footnotes":""},"categories":[1],"tags":[],"class_list":["post-4314","post","type-post","status-publish","format-image","hentry","category-beitraege","post_format-post-format-image"],"_links":{"self":[{"href":"https:\/\/christianhelmle.ch\/index.php?rest_route=\/wp\/v2\/posts\/4314","targetHints":{"allow":["GET"]}}],"collection":[{"href":"https:\/\/christianhelmle.ch\/index.php?rest_route=\/wp\/v2\/posts"}],"about":[{"href":"https:\/\/christianhelmle.ch\/index.php?rest_route=\/wp\/v2\/types\/post"}],"author":[{"embeddable":true,"href":"https:\/\/christianhelmle.ch\/index.php?rest_route=\/wp\/v2\/users\/2"}],"replies":[{"embeddable":true,"href":"https:\/\/christianhelmle.ch\/index.php?rest_route=%2Fwp%2Fv2%2Fcomments&post=4314"}],"version-history":[{"count":11,"href":"https:\/\/christianhelmle.ch\/index.php?rest_route=\/wp\/v2\/posts\/4314\/revisions"}],"predecessor-version":[{"id":4333,"href":"https:\/\/christianhelmle.ch\/index.php?rest_route=\/wp\/v2\/posts\/4314\/revisions\/4333"}],"wp:attachment":[{"href":"https:\/\/christianhelmle.ch\/index.php?rest_route=%2Fwp%2Fv2%2Fmedia&parent=4314"}],"wp:term":[{"taxonomy":"category","embeddable":true,"href":"https:\/\/christianhelmle.ch\/index.php?rest_route=%2Fwp%2Fv2%2Fcategories&post=4314"},{"taxonomy":"post_tag","embeddable":true,"href":"https:\/\/christianhelmle.ch\/index.php?rest_route=%2Fwp%2Fv2%2Ftags&post=4314"}],"curies":[{"name":"wp","href":"https:\/\/api.w.org\/{rel}","templated":true}]}}