{"id":4204,"date":"2024-03-13T14:27:11","date_gmt":"2024-03-13T12:27:11","guid":{"rendered":"https:\/\/christianhelmle.ch\/?p=4204"},"modified":"2025-12-04T17:53:48","modified_gmt":"2025-12-04T15:53:48","slug":"der-geist-des-ortes-genius-loci-2","status":"publish","type":"post","link":"https:\/\/christianhelmle.ch\/?p=4204","title":{"rendered":"Der Geist des Ortes &#8211; Genius Loci"},"content":{"rendered":"<figure id=\"attachment_4285\" aria-describedby=\"caption-attachment-4285\" style=\"width: 2000px\" class=\"wp-caption aligncenter\"><img loading=\"lazy\" decoding=\"async\" class=\"size-full wp-image-4285\" src=\"https:\/\/christianhelmle.ch\/wp-content\/uploads\/2014\/05\/2024-04-16-satellit-2.jpg\" alt=\"\" width=\"2000\" height=\"1333\" srcset=\"https:\/\/christianhelmle.ch\/wp-content\/uploads\/2014\/05\/2024-04-16-satellit-2.jpg 2000w, https:\/\/christianhelmle.ch\/wp-content\/uploads\/2014\/05\/2024-04-16-satellit-2-768x512.jpg 768w, https:\/\/christianhelmle.ch\/wp-content\/uploads\/2014\/05\/2024-04-16-satellit-2-1536x1024.jpg 1536w, https:\/\/christianhelmle.ch\/wp-content\/uploads\/2014\/05\/2024-04-16-satellit-2-800x533.jpg 800w, https:\/\/christianhelmle.ch\/wp-content\/uploads\/2014\/05\/2024-04-16-satellit-2-500x333.jpg 500w\" sizes=\"auto, (max-width: 2000px) 100vw, 2000px\" \/><figcaption id=\"caption-attachment-4285\" class=\"wp-caption-text\">Teil 2, Satellit, Thun (2024)<\/figcaption><\/figure>\n<p><img loading=\"lazy\" decoding=\"async\" class=\"alignnone wp-image-4215\" src=\"https:\/\/christianhelmle.ch\/wp-content\/uploads\/2024\/04\/satellit.jpg\" alt=\"\" width=\"214\" height=\"299\" srcset=\"https:\/\/christianhelmle.ch\/wp-content\/uploads\/2024\/04\/satellit.jpg 590w, https:\/\/christianhelmle.ch\/wp-content\/uploads\/2024\/04\/satellit-500x697.jpg 500w\" sizes=\"auto, (max-width: 214px) 100vw, 214px\" \/><\/p>\n<p>F\u00fcr die Pr\u00e4sentation im Kunstraum Satellit zeigt Helmle Arbeiten aus seinem Archiv. Ohne gross nostalgisch zu werden, stellt der Fotograf damit Fragen zur Stadtentwicklung der n\u00e4heren Umgebung des heutigen Kunstraums: dem fr\u00fcheren Kino Rex (heute CS und RexMax), dem ehemaligen Gerberk\u00e4se-Areal (heute Denner, Coop und B\u00e4chlisport), dem Gaswerk-Areal (heute Kantonale Verwaltung) sowie den Entwicklungen des Selve-Areals \u2013 vom Buntmetallwerk zur Partymeile zum Wohnquartier.<\/p>\n<p>Die Bilder lassen verblasste Erinnerungen wach werden und den\/die Bertrachter*innen \u00fcber Raum, Zeit und die Bedeutung von st\u00e4dtebaurelevanten Entscheidungen und ihre Auswirkungen auf das soziale Leben in Thun nachdenken.<\/p>\n<p><a href=\"https:\/\/satellit.space\" target=\"_blank\" rel=\"noopener\">satellit.space<\/a><\/p>\n<p>&nbsp;<\/p>\n<p>&nbsp;<\/p>\n<p>&nbsp;<\/p>\n","protected":false},"excerpt":{"rendered":"<p>F\u00fcr die Pr\u00e4sentation im Kunstraum Satellit zeigt Helmle Arbeiten aus seinem Archiv. Ohne gross nostalgisch zu werden, stellt der Fotograf damit Fragen zur Stadtentwicklung der n\u00e4heren Umgebung des heutigen Kunstraums: dem fr\u00fcheren Kino Rex (heute CS und RexMax), dem ehemaligen Gerberk\u00e4se-Areal (heute Denner, Coop und B\u00e4chlisport), dem Gaswerk-Areal (heute Kantonale Verwaltung) sowie den Entwicklungen des Selve-Areals \u2013 vom Buntmetallwerk zur Partymeile zum Wohnquartier. Die Bilder lassen verblasste Erinnerungen wach werden und den\/die Bertrachter*innen \u00fcber Raum, Zeit und die Bedeutung von st\u00e4dtebaurelevanten Entscheidungen und ihre Auswirkungen auf das soziale Leben in Thun nachdenken. satellit.space &nbsp; &nbsp; &nbsp;<\/p>\n","protected":false},"author":2,"featured_media":0,"comment_status":"closed","ping_status":"open","sticky":false,"template":"","format":"image","meta":{"footnotes":""},"categories":[1],"tags":[],"class_list":["post-4204","post","type-post","status-publish","format-image","hentry","category-beitraege","post_format-post-format-image"],"_links":{"self":[{"href":"https:\/\/christianhelmle.ch\/index.php?rest_route=\/wp\/v2\/posts\/4204","targetHints":{"allow":["GET"]}}],"collection":[{"href":"https:\/\/christianhelmle.ch\/index.php?rest_route=\/wp\/v2\/posts"}],"about":[{"href":"https:\/\/christianhelmle.ch\/index.php?rest_route=\/wp\/v2\/types\/post"}],"author":[{"embeddable":true,"href":"https:\/\/christianhelmle.ch\/index.php?rest_route=\/wp\/v2\/users\/2"}],"replies":[{"embeddable":true,"href":"https:\/\/christianhelmle.ch\/index.php?rest_route=%2Fwp%2Fv2%2Fcomments&post=4204"}],"version-history":[{"count":10,"href":"https:\/\/christianhelmle.ch\/index.php?rest_route=\/wp\/v2\/posts\/4204\/revisions"}],"predecessor-version":[{"id":4329,"href":"https:\/\/christianhelmle.ch\/index.php?rest_route=\/wp\/v2\/posts\/4204\/revisions\/4329"}],"wp:attachment":[{"href":"https:\/\/christianhelmle.ch\/index.php?rest_route=%2Fwp%2Fv2%2Fmedia&parent=4204"}],"wp:term":[{"taxonomy":"category","embeddable":true,"href":"https:\/\/christianhelmle.ch\/index.php?rest_route=%2Fwp%2Fv2%2Fcategories&post=4204"},{"taxonomy":"post_tag","embeddable":true,"href":"https:\/\/christianhelmle.ch\/index.php?rest_route=%2Fwp%2Fv2%2Ftags&post=4204"}],"curies":[{"name":"wp","href":"https:\/\/api.w.org\/{rel}","templated":true}]}}