{"id":3941,"date":"2022-02-16T11:19:38","date_gmt":"2022-02-16T09:19:38","guid":{"rendered":"https:\/\/christianhelmle.ch\/?p=3941"},"modified":"2024-04-19T15:17:05","modified_gmt":"2024-04-19T13:17:05","slug":"ausstellung-stralau","status":"publish","type":"post","link":"https:\/\/christianhelmle.ch\/?p=3941","title":{"rendered":"Stralau"},"content":{"rendered":"\r\n<p><a href=\"https:\/\/kunstmuseumthun.ch\/de\/ausstellung\/stralau\" target=\"_blank\" rel=\"noopener\">CHRISTIAN HELMLE. STRALAU<\/a><\/p>\r\n<p><img loading=\"lazy\" decoding=\"async\" class=\"size-full wp-image-4093 alignleft\" src=\"https:\/\/christianhelmle.ch\/wp-content\/uploads\/2022\/02\/bildschirmfoto-2022-02-16-um-15.30.25.png\" alt=\"\" width=\"354\" height=\"542\" \/><\/p>\r\n\r\n\r\n\r\n<p>12. Februar \u2013 01. Mai 2022<\/p>\r\n\r\n\r\n\r\n<p>Der Fotograf Christian Helmle setzt sich in seinem k\u00fcnstlerischen Werk mit Themen wie Natur, Architektur, Menschen, Strukturen und Topografien auseinander. Die Ausstellung zeigt einen umfassenden Einblick in Helmles \u0152uvre. Sie pr\u00e4sentiert neben \u00e4lteren Werken, die f\u00fcr sein k\u00fcnstlerisches Schaffen exemplarisch sind und selten zu sehen waren, u.a. eine neue Serie, in der der Fotograf die Reportage- mit der Architekturfotografie verbindet und ein aktuelles Bild unseres Alltags im st\u00e4dtischen Lebensumfeld zeichnet.<\/p>\r\n\r\n\r\n\r\n<p>&nbsp;<\/p>\r\n\r\n\r\n\r\n\r\n\r\n<p><a href=\"https:\/\/kunstmuseumthun.ch\/de\/ausstellung\/stralau\/\">https:\/\/kunstmuseumthun.ch\/de\/ausstellung\/stralau\/<\/a>\/<\/p>\r\n\r\n\r\n\r\n<p>&nbsp;<\/p>\r\n\r\n\r\n\r\n<p>&nbsp;<\/p>\r\n\r\n\r\n\r\n<p>&nbsp;<\/p>\r\n\r\n\r\n\r\n<p>&nbsp;<\/p>\r\n","protected":false},"excerpt":{"rendered":"<p>CHRISTIAN HELMLE. STRALAU 12. Februar \u2013 01. Mai 2022 Der Fotograf Christian Helmle setzt sich in seinem k\u00fcnstlerischen Werk mit Themen wie Natur, Architektur, Menschen, Strukturen und Topografien auseinander. Die Ausstellung zeigt einen umfassenden Einblick in Helmles \u0152uvre. Sie pr\u00e4sentiert neben \u00e4lteren Werken, die f\u00fcr sein k\u00fcnstlerisches Schaffen exemplarisch sind und selten zu sehen waren, u.a. eine neue Serie, in der der Fotograf die Reportage- mit der Architekturfotografie verbindet und ein aktuelles Bild unseres Alltags im st\u00e4dtischen Lebensumfeld zeichnet. &nbsp; https:\/\/kunstmuseumthun.ch\/de\/ausstellung\/stralau\/\/ &nbsp; &nbsp; &nbsp; &nbsp;<\/p>\n","protected":false},"author":2,"featured_media":0,"comment_status":"closed","ping_status":"open","sticky":false,"template":"","format":"image","meta":{"footnotes":""},"categories":[1],"tags":[],"class_list":["post-3941","post","type-post","status-publish","format-image","hentry","category-beitraege","post_format-post-format-image"],"_links":{"self":[{"href":"https:\/\/christianhelmle.ch\/index.php?rest_route=\/wp\/v2\/posts\/3941","targetHints":{"allow":["GET"]}}],"collection":[{"href":"https:\/\/christianhelmle.ch\/index.php?rest_route=\/wp\/v2\/posts"}],"about":[{"href":"https:\/\/christianhelmle.ch\/index.php?rest_route=\/wp\/v2\/types\/post"}],"author":[{"embeddable":true,"href":"https:\/\/christianhelmle.ch\/index.php?rest_route=\/wp\/v2\/users\/2"}],"replies":[{"embeddable":true,"href":"https:\/\/christianhelmle.ch\/index.php?rest_route=%2Fwp%2Fv2%2Fcomments&post=3941"}],"version-history":[{"count":33,"href":"https:\/\/christianhelmle.ch\/index.php?rest_route=\/wp\/v2\/posts\/3941\/revisions"}],"predecessor-version":[{"id":4094,"href":"https:\/\/christianhelmle.ch\/index.php?rest_route=\/wp\/v2\/posts\/3941\/revisions\/4094"}],"wp:attachment":[{"href":"https:\/\/christianhelmle.ch\/index.php?rest_route=%2Fwp%2Fv2%2Fmedia&parent=3941"}],"wp:term":[{"taxonomy":"category","embeddable":true,"href":"https:\/\/christianhelmle.ch\/index.php?rest_route=%2Fwp%2Fv2%2Fcategories&post=3941"},{"taxonomy":"post_tag","embeddable":true,"href":"https:\/\/christianhelmle.ch\/index.php?rest_route=%2Fwp%2Fv2%2Ftags&post=3941"}],"curies":[{"name":"wp","href":"https:\/\/api.w.org\/{rel}","templated":true}]}}