{"id":3591,"date":"2018-11-08T19:17:44","date_gmt":"2018-11-08T17:17:44","guid":{"rendered":"https:\/\/christianhelmle.ch\/?p=3591"},"modified":"2024-04-17T10:13:50","modified_gmt":"2024-04-17T08:13:50","slug":"3591","status":"publish","type":"post","link":"https:\/\/christianhelmle.ch\/?p=3591","title":{"rendered":"11. November 2018: \u00d6ffentlicher Rundgang durch die Ausstellung Hodler \/\/ Parallelismus mit Christian Helmle"},"content":{"rendered":"<p class=\"p1\"><b>Veranstaltung am 11. November 2018, 11 Uhr<\/b><\/p>\n<p class=\"p3\">Im Rahmen der Veranstaltungsreihe \u00abHodler mit G\u00e4sten\u00bb gibt der Thuner Fotograf Christian Helmle Einblick in seine Fotoserie, die 2003 in Anlehnung an Hodlers Landschaften \u00a0entstand. Er hatte sich anl\u00e4sslich des 150. Geburtstags von Ferdinand Hodler (1853-1918) \u00a0im Berner Oberland auf die Suche nach den Standorten gemacht, wo Hodler einst seine See- oder Berglandschaften malte. Helmle hielt dieselben Landschaftsausschnitte fotografisch fest, wobei auch Jahreszeit und Sonnenstand mit dem gemalten Vorbild \u00fcbereinstimmen. So wurde aus der Idee wurde ein Langzeitprojekt, das interessante R\u00fcckschl\u00fcsse auf Hodlers Arbeitsweise zul\u00e4sst und zum vergleichenden Sehen einl\u00e4dt. Wie es dazu kam und was die Herausforderungen dabei waren, erz\u00e4hlt Christian Helmle im Gespr\u00e4ch mit Magdalena Schindler<\/p>\n<p class=\"p3\"><img loading=\"lazy\" decoding=\"async\" class=\"aligncenter size-full wp-image-2528\" src=\"https:\/\/christianhelmle.ch\/wp-content\/uploads\/2014\/09\/hodler_08-e1541696575721.jpg\" alt=\"\" width=\"700\" height=\"560\" \/><img loading=\"lazy\" decoding=\"async\" class=\"aligncenter size-full wp-image-2529\" src=\"https:\/\/christianhelmle.ch\/wp-content\/uploads\/2014\/09\/hodler_008-e1541696601784.jpg\" alt=\"\" width=\"700\" height=\"560\" \/><\/p>\n","protected":false},"excerpt":{"rendered":"<p>Veranstaltung am 11. November 2018, 11 Uhr Im Rahmen der Veranstaltungsreihe \u00abHodler mit G\u00e4sten\u00bb gibt der Thuner Fotograf Christian Helmle Einblick in seine Fotoserie, die 2003 in Anlehnung an Hodlers Landschaften \u00a0entstand. Er hatte sich anl\u00e4sslich des 150. Geburtstags von Ferdinand Hodler (1853-1918) \u00a0im Berner Oberland auf die Suche nach den Standorten gemacht, wo Hodler einst seine See- oder Berglandschaften malte. Helmle hielt dieselben Landschaftsausschnitte fotografisch fest, wobei auch Jahreszeit und Sonnenstand mit dem gemalten Vorbild \u00fcbereinstimmen. So wurde aus der Idee wurde ein Langzeitprojekt, das interessante R\u00fcckschl\u00fcsse auf Hodlers Arbeitsweise zul\u00e4sst und zum vergleichenden Sehen einl\u00e4dt. Wie es dazu [&hellip;]<\/p>\n","protected":false},"author":2,"featured_media":3596,"comment_status":"closed","ping_status":"open","sticky":false,"template":"","format":"image","meta":{"footnotes":""},"categories":[1],"tags":[],"class_list":["post-3591","post","type-post","status-publish","format-image","has-post-thumbnail","hentry","category-beitraege","post_format-post-format-image"],"_links":{"self":[{"href":"https:\/\/christianhelmle.ch\/index.php?rest_route=\/wp\/v2\/posts\/3591","targetHints":{"allow":["GET"]}}],"collection":[{"href":"https:\/\/christianhelmle.ch\/index.php?rest_route=\/wp\/v2\/posts"}],"about":[{"href":"https:\/\/christianhelmle.ch\/index.php?rest_route=\/wp\/v2\/types\/post"}],"author":[{"embeddable":true,"href":"https:\/\/christianhelmle.ch\/index.php?rest_route=\/wp\/v2\/users\/2"}],"replies":[{"embeddable":true,"href":"https:\/\/christianhelmle.ch\/index.php?rest_route=%2Fwp%2Fv2%2Fcomments&post=3591"}],"version-history":[{"count":3,"href":"https:\/\/christianhelmle.ch\/index.php?rest_route=\/wp\/v2\/posts\/3591\/revisions"}],"predecessor-version":[{"id":4051,"href":"https:\/\/christianhelmle.ch\/index.php?rest_route=\/wp\/v2\/posts\/3591\/revisions\/4051"}],"wp:featuredmedia":[{"embeddable":true,"href":"https:\/\/christianhelmle.ch\/index.php?rest_route=\/wp\/v2\/media\/3596"}],"wp:attachment":[{"href":"https:\/\/christianhelmle.ch\/index.php?rest_route=%2Fwp%2Fv2%2Fmedia&parent=3591"}],"wp:term":[{"taxonomy":"category","embeddable":true,"href":"https:\/\/christianhelmle.ch\/index.php?rest_route=%2Fwp%2Fv2%2Fcategories&post=3591"},{"taxonomy":"post_tag","embeddable":true,"href":"https:\/\/christianhelmle.ch\/index.php?rest_route=%2Fwp%2Fv2%2Ftags&post=3591"}],"curies":[{"name":"wp","href":"https:\/\/api.w.org\/{rel}","templated":true}]}}